{"id":168,"date":"2020-03-15T20:22:31","date_gmt":"2020-03-15T19:22:31","guid":{"rendered":"https:\/\/lucaballestra.ch\/blog\/?p=168"},"modified":"2020-03-18T19:05:25","modified_gmt":"2020-03-18T18:05:25","slug":"7-buone-notizie-sul-coronavirus","status":"publish","type":"post","link":"https:\/\/lucaballestra.ch\/blog\/7-buone-notizie-sul-coronavirus\/","title":{"rendered":"7 Buone notizie sul Coronavirus"},"content":{"rendered":"<p id=\"0a65\" class=\"fr fs by ar ft b fu fv fw fx fy fz ga gb gc gd ge dp\" data-selectable-paragraph=\"\">Il nuovo coronavirus \u00e8 stato classificato come pandemia, il problema \u00e8 grave. Non si pu\u00f2 minimizzarne l\u2019importanza. In meno di due mesi, si \u00e8 diffuso in tutti continenti.<\/p>\n<p id=\"4ac1\" class=\"fr fs by ar ft b fu fv fw fx fy fz ga gb gc gd ge dp\" data-selectable-paragraph=\"\">Una pandemia implica una trasmissione sostenuta e continua della malattia contemporaneamente in pi\u00f9 di tre diverse regioni geografiche. Siamo gi\u00e0 in questa fase, ma ci\u00f2 non \u00e8 sinonimo di morte, poich\u00e9 il termine non si riferisce al tasso di mortalit\u00e0 dell\u2019agente infettivo, ma alla sua trasmissibilit\u00e0 ed estensione geografica.<\/p>\n<figure id=\"attachment_169\" aria-describedby=\"caption-attachment-169\" style=\"width: 1920px\" class=\"wp-caption alignnone\"><img decoding=\"async\" loading=\"lazy\" class=\"wp-image-169 size-full\" src=\"https:\/\/lucaballestra.ch\/blog\/wp-content\/uploads\/2020\/03\/corona-virus.jpg\" alt=\"\" width=\"1920\" height=\"1080\" srcset=\"https:\/\/lucaballestra.ch\/blog\/wp-content\/uploads\/2020\/03\/corona-virus.jpg 1920w, https:\/\/lucaballestra.ch\/blog\/wp-content\/uploads\/2020\/03\/corona-virus-300x169.jpg 300w, https:\/\/lucaballestra.ch\/blog\/wp-content\/uploads\/2020\/03\/corona-virus-1024x576.jpg 1024w, https:\/\/lucaballestra.ch\/blog\/wp-content\/uploads\/2020\/03\/corona-virus-768x432.jpg 768w, https:\/\/lucaballestra.ch\/blog\/wp-content\/uploads\/2020\/03\/corona-virus-1536x864.jpg 1536w, https:\/\/lucaballestra.ch\/blog\/wp-content\/uploads\/2020\/03\/corona-virus-1736x977.jpg 1736w\" sizes=\"(max-width: 1920px) 100vw, 1920px\" \/><figcaption id=\"caption-attachment-169\" class=\"wp-caption-text\">Il nuovo agente coronavirus \u00e8 stato scoperto il 31\/12\/19 dopo casi registrati in Cina. Causa la malattia chiamata coronavirus (COVID-19).<\/figcaption><\/figure>\n<p id=\"5bbb\" class=\"fr fs by ar ft b fu fv fw fx fy fz ga gb gc gd ge dp\" data-selectable-paragraph=\"\">Ci\u00f2 che certamente esiste \u00e8 una pandemia di paura. Per la prima volta nella storia, stiamo affrontando un\u2019epidemia in tempo reale: tutti i media, pi\u00f9 volte al giorno, ogni giorno, in tutto il pianeta, parlano del nuovo coronavirus.<\/p>\n<p id=\"2436\" class=\"fr fs by ar ft b fu fv fw fx fy fz ga gb gc gd ge dp\" data-selectable-paragraph=\"\">Insisto: la questione \u00e8 seria, ma abbiamo anche bisogno di buone notizie. Eccone sette.<\/p>\n<p id=\"ef10\" class=\"fr fs by ar ft b fu fv fw fx fy fz ga gb gc gd ge dp\" data-selectable-paragraph=\"\"><strong class=\"ft hg\">01 &#8211; Abbiamo gi\u00e0 identificato il virus e sappiamo come rilevarlo<\/strong><\/p>\n<p id=\"ec9f\" class=\"fr fs by ar ft b fu fv fw fx fy fz ga gb gc gd ge dp\" data-selectable-paragraph=\"\">I primi casi del nuovo coronavirus sono stati segnalati in Cina il 31 dicembre 2019 e il 7 gennaio il virus era gi\u00e0 stato identificato (per l\u2019HIV ci sono voluti quasi 2 anni).<\/p>\n<p id=\"cc54\" class=\"fr fs by ar ft b fu fv fw fx fy fz ga gb gc gd ge dp\" data-selectable-paragraph=\"\">Inoltre dal 13 gennaio, un test RT-PCR per rilevare il virus \u00e8 disponibile in tutto il mondo e negli ultimi mesi la sua sensibilit\u00e0, specificit\u00e0 e rapidit\u00e0 sta aumentando<\/p>\n<p id=\"c3e0\" class=\"fr fs by ar ft b fu fv fw fx fy fz ga gb gc gd ge dp\" data-selectable-paragraph=\"\"><strong class=\"ft hg\">02 &#8211; In Cina, la situazione sta migliorando<\/strong><\/p>\n<p id=\"2c61\" class=\"fr fs by ar ft b fu fv fw fx fy fz ga gb gc gd ge dp\" data-selectable-paragraph=\"\">Le forti misure di controllo e isolamento imposte dalla Cina stanno dando i loro frutti. Nelle ultime settimane il numero di nuovi casi diagnosticati \u00e8 diminuito<\/p>\n<p id=\"a894\" class=\"fr fs by ar ft b fu fv fw fx fy fz ga gb gc gd ge dp\" data-selectable-paragraph=\"\"><strong class=\"ft hg\">03 &#8211; Nella maggior parte dei casi la malattia \u00e8 lieve<\/strong><\/p>\n<p id=\"e5a6\" class=\"fr fs by ar ft b fu fv fw fx fy fz ga gb gc gd ge dp\" data-selectable-paragraph=\"\"><strong class=\"ft hg\">04 &#8211; Difficilmente colpisce i bambini<\/strong><\/p>\n<p id=\"094d\" class=\"fr fs by ar ft b fu fv fw fx fy fz ga gb gc gd ge dp\" data-selectable-paragraph=\"\">Si stima che solo il 3% dei casi si verifica nei bambini\/ragazzi di et\u00e0 inferiore ai 20 anni<\/p>\n<p id=\"ead2\" class=\"fr fs by ar ft b fu fv fw fx fy fz ga gb gc gd ge dp\" data-selectable-paragraph=\"\"><strong class=\"ft hg\">05 &#8211; Il virus si disattiva facilmente<\/strong><\/p>\n<p id=\"d260\" class=\"fr fs by ar ft b fu fv fw fx fy fz ga gb gc gd ge dp\" data-selectable-paragraph=\"\">Il virus pu\u00f2 essere inattivato dalle superfici con una soluzione di etanolo o candeggina allo 0,1% in un solo minuto. Il lavaggio frequente delle mani con acqua e sapone, ed isolamento sociale sono il modo pi\u00f9 efficace per prevenire il contagio.<\/p>\n<p id=\"8b16\" class=\"fr fs by ar ft b fu fv fw fx fy fz ga gb gc gd ge dp\" data-selectable-paragraph=\"\"><strong class=\"ft hg\">06 &#8211; Prototipi di vaccino esistono gi\u00e0<\/strong><\/p>\n<p id=\"584f\" class=\"fr fs by ar ft b fu fv fw fx fy fz ga gb gc gd ge dp\" data-selectable-paragraph=\"\">Ci\u00f2 che pu\u00f2 ritardare l\u2019utilizzazione sulla popolazione sono tutti i test necessari per tossicit\u00e0, effetti collaterali, sicurezza, immunogenicit\u00e0 ed efficacia nella protezione. Ecco perch\u00e9 ci vorranno ancora diversi mesi o anni, ma alcuni prototipi sono gi\u00e0 in fase avanzata di sviluppo.<\/p>\n<p id=\"24ef\" class=\"fr fs by ar ft b fu fv fw fx fy fz ga gb gc gd ge dp\" data-selectable-paragraph=\"\"><strong class=\"ft hg\">07 &#8211; Sono in corso decine di studi clinici con antivirali<\/strong><\/p>\n<p id=\"34da\" class=\"fr fs by ar ft b fu fv fw fx fy fz ga gb gc gd ge dp\" data-selectable-paragraph=\"\">Esistono gi\u00e0 decine di studi clinici per analizzare i trattamenti per il coronavirus. Sono antivirali utilizzati per altre infezioni, gi\u00e0 approvati e che sappiamo essere sicuri.<\/p>\n<p data-selectable-paragraph=\"\"><a href=\"https:\/\/lucaballestra.ch\/blog\/wp-content\/uploads\/2020\/03\/corona-9.jpg\"><img decoding=\"async\" loading=\"lazy\" class=\"alignnone size-full wp-image-170\" src=\"https:\/\/lucaballestra.ch\/blog\/wp-content\/uploads\/2020\/03\/corona-9.jpg\" alt=\"\" width=\"768\" height=\"800\" srcset=\"https:\/\/lucaballestra.ch\/blog\/wp-content\/uploads\/2020\/03\/corona-9.jpg 768w, https:\/\/lucaballestra.ch\/blog\/wp-content\/uploads\/2020\/03\/corona-9-288x300.jpg 288w\" sizes=\"(max-width: 768px) 100vw, 768px\" \/><\/a><\/p>\n","protected":false},"excerpt":{"rendered":"<p>Il nuovo coronavirus \u00e8 stato classificato come pandemia, il problema \u00e8 grave. Non si pu\u00f2 minimizzarne l\u2019importanza. In meno di due mesi, si \u00e8 diffuso in tutti continenti. Una pandemia implica una trasmissione sostenuta e continua della malattia contemporaneamente in pi\u00f9 di tre diverse regioni geografiche. Siamo gi\u00e0 in questa fase, ma ci\u00f2 non \u00e8 [&hellip;]<\/p>\n","protected":false},"author":1,"featured_media":180,"comment_status":"open","ping_status":"open","sticky":false,"template":"","format":"standard","meta":{"_coblocks_attr":"","_coblocks_dimensions":"","_coblocks_responsive_height":"","_coblocks_accordion_ie_support":"","inline_featured_image":false},"categories":[7],"tags":[],"yoast_head":"<!-- This site is optimized with the Yoast SEO plugin v19.11 - https:\/\/yoast.com\/wordpress\/plugins\/seo\/ -->\n<title>7 Buone notizie sul Coronavirus - Dr. Luca Ballestra<\/title>\n<meta name=\"robots\" content=\"index, follow, max-snippet:-1, max-image-preview:large, max-video-preview:-1\" \/>\n<link rel=\"canonical\" href=\"https:\/\/lucaballestra.ch\/blog\/7-buone-notizie-sul-coronavirus\/\" \/>\n<meta property=\"og:locale\" content=\"pt_BR\" \/>\n<meta property=\"og:type\" content=\"article\" \/>\n<meta property=\"og:title\" content=\"7 Buone notizie sul Coronavirus - Dr. Luca Ballestra\" \/>\n<meta property=\"og:description\" content=\"Il nuovo coronavirus \u00e8 stato classificato come pandemia, il problema \u00e8 grave. Non si pu\u00f2 minimizzarne l\u2019importanza. In meno di due mesi, si \u00e8 diffuso in tutti continenti. Una pandemia implica una trasmissione sostenuta e continua della malattia contemporaneamente in pi\u00f9 di tre diverse regioni geografiche. Siamo gi\u00e0 in questa fase, ma ci\u00f2 non \u00e8 [&hellip;]\" \/>\n<meta property=\"og:url\" content=\"https:\/\/lucaballestra.ch\/blog\/7-buone-notizie-sul-coronavirus\/\" \/>\n<meta property=\"og:site_name\" content=\"Dr. Luca Ballestra\" \/>\n<meta property=\"article:published_time\" content=\"2020-03-15T19:22:31+00:00\" \/>\n<meta property=\"article:modified_time\" content=\"2020-03-18T18:05:25+00:00\" \/>\n<meta property=\"og:image\" content=\"https:\/\/lucaballestra.ch\/blog\/wp-content\/uploads\/2020\/03\/corona-virus-getty-1.jpg\" \/>\n\t<meta property=\"og:image:width\" content=\"2207\" \/>\n\t<meta property=\"og:image:height\" content=\"1358\" \/>\n\t<meta property=\"og:image:type\" content=\"image\/jpeg\" \/>\n<meta name=\"author\" content=\"Dr. Luca Ballestra\" \/>\n<meta name=\"twitter:card\" content=\"summary_large_image\" \/>\n<meta name=\"twitter:label1\" content=\"Escrito por\" \/>\n\t<meta name=\"twitter:data1\" content=\"Dr. Luca Ballestra\" \/>\n\t<meta name=\"twitter:label2\" content=\"Est. tempo de leitura\" \/>\n\t<meta name=\"twitter:data2\" content=\"2 minutos\" \/>\n<script type=\"application\/ld+json\" class=\"yoast-schema-graph\">{\"@context\":\"https:\/\/schema.org\",\"@graph\":[{\"@type\":\"Article\",\"@id\":\"https:\/\/lucaballestra.ch\/blog\/7-buone-notizie-sul-coronavirus\/#article\",\"isPartOf\":{\"@id\":\"https:\/\/lucaballestra.ch\/blog\/7-buone-notizie-sul-coronavirus\/\"},\"author\":{\"name\":\"Dr. Luca Ballestra\",\"@id\":\"https:\/\/lucaballestra.ch\/blog\/#\/schema\/person\/5169f604b43a3c52d51ca075eb358840\"},\"headline\":\"7 Buone notizie sul Coronavirus\",\"datePublished\":\"2020-03-15T19:22:31+00:00\",\"dateModified\":\"2020-03-18T18:05:25+00:00\",\"mainEntityOfPage\":{\"@id\":\"https:\/\/lucaballestra.ch\/blog\/7-buone-notizie-sul-coronavirus\/\"},\"wordCount\":415,\"commentCount\":0,\"publisher\":{\"@id\":\"https:\/\/lucaballestra.ch\/blog\/#organization\"},\"articleSection\":[\"Altro\"],\"inLanguage\":\"pt-BR\",\"potentialAction\":[{\"@type\":\"CommentAction\",\"name\":\"Comment\",\"target\":[\"https:\/\/lucaballestra.ch\/blog\/7-buone-notizie-sul-coronavirus\/#respond\"]}]},{\"@type\":\"WebPage\",\"@id\":\"https:\/\/lucaballestra.ch\/blog\/7-buone-notizie-sul-coronavirus\/\",\"url\":\"https:\/\/lucaballestra.ch\/blog\/7-buone-notizie-sul-coronavirus\/\",\"name\":\"7 Buone notizie sul Coronavirus - Dr. Luca Ballestra\",\"isPartOf\":{\"@id\":\"https:\/\/lucaballestra.ch\/blog\/#website\"},\"datePublished\":\"2020-03-15T19:22:31+00:00\",\"dateModified\":\"2020-03-18T18:05:25+00:00\",\"breadcrumb\":{\"@id\":\"https:\/\/lucaballestra.ch\/blog\/7-buone-notizie-sul-coronavirus\/#breadcrumb\"},\"inLanguage\":\"pt-BR\",\"potentialAction\":[{\"@type\":\"ReadAction\",\"target\":[\"https:\/\/lucaballestra.ch\/blog\/7-buone-notizie-sul-coronavirus\/\"]}]},{\"@type\":\"BreadcrumbList\",\"@id\":\"https:\/\/lucaballestra.ch\/blog\/7-buone-notizie-sul-coronavirus\/#breadcrumb\",\"itemListElement\":[{\"@type\":\"ListItem\",\"position\":1,\"name\":\"Home\",\"item\":\"https:\/\/lucaballestra.ch\/blog\/\"},{\"@type\":\"ListItem\",\"position\":2,\"name\":\"7 Buone notizie sul Coronavirus\"}]},{\"@type\":\"WebSite\",\"@id\":\"https:\/\/lucaballestra.ch\/blog\/#website\",\"url\":\"https:\/\/lucaballestra.ch\/blog\/\",\"name\":\"Dr. Luca Ballestra\",\"description\":\"Blog\",\"publisher\":{\"@id\":\"https:\/\/lucaballestra.ch\/blog\/#organization\"},\"potentialAction\":[{\"@type\":\"SearchAction\",\"target\":{\"@type\":\"EntryPoint\",\"urlTemplate\":\"https:\/\/lucaballestra.ch\/blog\/?s={search_term_string}\"},\"query-input\":\"required name=search_term_string\"}],\"inLanguage\":\"pt-BR\"},{\"@type\":\"Organization\",\"@id\":\"https:\/\/lucaballestra.ch\/blog\/#organization\",\"name\":\"Dr. Luca Ballestra\",\"url\":\"https:\/\/lucaballestra.ch\/blog\/\",\"logo\":{\"@type\":\"ImageObject\",\"inLanguage\":\"pt-BR\",\"@id\":\"https:\/\/lucaballestra.ch\/blog\/#\/schema\/logo\/image\/\",\"url\":\"https:\/\/lucaballestra.ch\/blog\/wp-content\/uploads\/2020\/08\/dr-luca-ballestra-rhinoplastic-rinoplastica.png\",\"contentUrl\":\"https:\/\/lucaballestra.ch\/blog\/wp-content\/uploads\/2020\/08\/dr-luca-ballestra-rhinoplastic-rinoplastica.png\",\"width\":867,\"height\":829,\"caption\":\"Dr. Luca Ballestra\"},\"image\":{\"@id\":\"https:\/\/lucaballestra.ch\/blog\/#\/schema\/logo\/image\/\"}},{\"@type\":\"Person\",\"@id\":\"https:\/\/lucaballestra.ch\/blog\/#\/schema\/person\/5169f604b43a3c52d51ca075eb358840\",\"name\":\"Dr. Luca Ballestra\",\"image\":{\"@type\":\"ImageObject\",\"inLanguage\":\"pt-BR\",\"@id\":\"https:\/\/lucaballestra.ch\/blog\/#\/schema\/person\/image\/\",\"url\":\"https:\/\/secure.gravatar.com\/avatar\/b212ec8e418eb836b7f5de4cfe6b2416?s=96&d=mm&r=g\",\"contentUrl\":\"https:\/\/secure.gravatar.com\/avatar\/b212ec8e418eb836b7f5de4cfe6b2416?s=96&d=mm&r=g\",\"caption\":\"Dr. Luca Ballestra\"},\"url\":\"https:\/\/lucaballestra.ch\/blog\/author\/lucaball\/\"}]}<\/script>\n<!-- \/ Yoast SEO plugin. -->","yoast_head_json":{"title":"7 Buone notizie sul Coronavirus - Dr. Luca Ballestra","robots":{"index":"index","follow":"follow","max-snippet":"max-snippet:-1","max-image-preview":"max-image-preview:large","max-video-preview":"max-video-preview:-1"},"canonical":"https:\/\/lucaballestra.ch\/blog\/7-buone-notizie-sul-coronavirus\/","og_locale":"pt_BR","og_type":"article","og_title":"7 Buone notizie sul Coronavirus - Dr. Luca Ballestra","og_description":"Il nuovo coronavirus \u00e8 stato classificato come pandemia, il problema \u00e8 grave. Non si pu\u00f2 minimizzarne l\u2019importanza. In meno di due mesi, si \u00e8 diffuso in tutti continenti. Una pandemia implica una trasmissione sostenuta e continua della malattia contemporaneamente in pi\u00f9 di tre diverse regioni geografiche. Siamo gi\u00e0 in questa fase, ma ci\u00f2 non \u00e8 [&hellip;]","og_url":"https:\/\/lucaballestra.ch\/blog\/7-buone-notizie-sul-coronavirus\/","og_site_name":"Dr. Luca Ballestra","article_published_time":"2020-03-15T19:22:31+00:00","article_modified_time":"2020-03-18T18:05:25+00:00","og_image":[{"width":2207,"height":1358,"url":"https:\/\/lucaballestra.ch\/blog\/wp-content\/uploads\/2020\/03\/corona-virus-getty-1.jpg","type":"image\/jpeg"}],"author":"Dr. Luca Ballestra","twitter_card":"summary_large_image","twitter_misc":{"Escrito por":"Dr. Luca Ballestra","Est. tempo de leitura":"2 minutos"},"schema":{"@context":"https:\/\/schema.org","@graph":[{"@type":"Article","@id":"https:\/\/lucaballestra.ch\/blog\/7-buone-notizie-sul-coronavirus\/#article","isPartOf":{"@id":"https:\/\/lucaballestra.ch\/blog\/7-buone-notizie-sul-coronavirus\/"},"author":{"name":"Dr. Luca Ballestra","@id":"https:\/\/lucaballestra.ch\/blog\/#\/schema\/person\/5169f604b43a3c52d51ca075eb358840"},"headline":"7 Buone notizie sul Coronavirus","datePublished":"2020-03-15T19:22:31+00:00","dateModified":"2020-03-18T18:05:25+00:00","mainEntityOfPage":{"@id":"https:\/\/lucaballestra.ch\/blog\/7-buone-notizie-sul-coronavirus\/"},"wordCount":415,"commentCount":0,"publisher":{"@id":"https:\/\/lucaballestra.ch\/blog\/#organization"},"articleSection":["Altro"],"inLanguage":"pt-BR","potentialAction":[{"@type":"CommentAction","name":"Comment","target":["https:\/\/lucaballestra.ch\/blog\/7-buone-notizie-sul-coronavirus\/#respond"]}]},{"@type":"WebPage","@id":"https:\/\/lucaballestra.ch\/blog\/7-buone-notizie-sul-coronavirus\/","url":"https:\/\/lucaballestra.ch\/blog\/7-buone-notizie-sul-coronavirus\/","name":"7 Buone notizie sul Coronavirus - Dr. Luca Ballestra","isPartOf":{"@id":"https:\/\/lucaballestra.ch\/blog\/#website"},"datePublished":"2020-03-15T19:22:31+00:00","dateModified":"2020-03-18T18:05:25+00:00","breadcrumb":{"@id":"https:\/\/lucaballestra.ch\/blog\/7-buone-notizie-sul-coronavirus\/#breadcrumb"},"inLanguage":"pt-BR","potentialAction":[{"@type":"ReadAction","target":["https:\/\/lucaballestra.ch\/blog\/7-buone-notizie-sul-coronavirus\/"]}]},{"@type":"BreadcrumbList","@id":"https:\/\/lucaballestra.ch\/blog\/7-buone-notizie-sul-coronavirus\/#breadcrumb","itemListElement":[{"@type":"ListItem","position":1,"name":"Home","item":"https:\/\/lucaballestra.ch\/blog\/"},{"@type":"ListItem","position":2,"name":"7 Buone notizie sul Coronavirus"}]},{"@type":"WebSite","@id":"https:\/\/lucaballestra.ch\/blog\/#website","url":"https:\/\/lucaballestra.ch\/blog\/","name":"Dr. Luca Ballestra","description":"Blog","publisher":{"@id":"https:\/\/lucaballestra.ch\/blog\/#organization"},"potentialAction":[{"@type":"SearchAction","target":{"@type":"EntryPoint","urlTemplate":"https:\/\/lucaballestra.ch\/blog\/?s={search_term_string}"},"query-input":"required name=search_term_string"}],"inLanguage":"pt-BR"},{"@type":"Organization","@id":"https:\/\/lucaballestra.ch\/blog\/#organization","name":"Dr. Luca Ballestra","url":"https:\/\/lucaballestra.ch\/blog\/","logo":{"@type":"ImageObject","inLanguage":"pt-BR","@id":"https:\/\/lucaballestra.ch\/blog\/#\/schema\/logo\/image\/","url":"https:\/\/lucaballestra.ch\/blog\/wp-content\/uploads\/2020\/08\/dr-luca-ballestra-rhinoplastic-rinoplastica.png","contentUrl":"https:\/\/lucaballestra.ch\/blog\/wp-content\/uploads\/2020\/08\/dr-luca-ballestra-rhinoplastic-rinoplastica.png","width":867,"height":829,"caption":"Dr. Luca Ballestra"},"image":{"@id":"https:\/\/lucaballestra.ch\/blog\/#\/schema\/logo\/image\/"}},{"@type":"Person","@id":"https:\/\/lucaballestra.ch\/blog\/#\/schema\/person\/5169f604b43a3c52d51ca075eb358840","name":"Dr. Luca Ballestra","image":{"@type":"ImageObject","inLanguage":"pt-BR","@id":"https:\/\/lucaballestra.ch\/blog\/#\/schema\/person\/image\/","url":"https:\/\/secure.gravatar.com\/avatar\/b212ec8e418eb836b7f5de4cfe6b2416?s=96&d=mm&r=g","contentUrl":"https:\/\/secure.gravatar.com\/avatar\/b212ec8e418eb836b7f5de4cfe6b2416?s=96&d=mm&r=g","caption":"Dr. Luca Ballestra"},"url":"https:\/\/lucaballestra.ch\/blog\/author\/lucaball\/"}]}},"_links":{"self":[{"href":"https:\/\/lucaballestra.ch\/blog\/wp-json\/wp\/v2\/posts\/168"}],"collection":[{"href":"https:\/\/lucaballestra.ch\/blog\/wp-json\/wp\/v2\/posts"}],"about":[{"href":"https:\/\/lucaballestra.ch\/blog\/wp-json\/wp\/v2\/types\/post"}],"author":[{"embeddable":true,"href":"https:\/\/lucaballestra.ch\/blog\/wp-json\/wp\/v2\/users\/1"}],"replies":[{"embeddable":true,"href":"https:\/\/lucaballestra.ch\/blog\/wp-json\/wp\/v2\/comments?post=168"}],"version-history":[{"count":2,"href":"https:\/\/lucaballestra.ch\/blog\/wp-json\/wp\/v2\/posts\/168\/revisions"}],"predecessor-version":[{"id":172,"href":"https:\/\/lucaballestra.ch\/blog\/wp-json\/wp\/v2\/posts\/168\/revisions\/172"}],"wp:featuredmedia":[{"embeddable":true,"href":"https:\/\/lucaballestra.ch\/blog\/wp-json\/wp\/v2\/media\/180"}],"wp:attachment":[{"href":"https:\/\/lucaballestra.ch\/blog\/wp-json\/wp\/v2\/media?parent=168"}],"wp:term":[{"taxonomy":"category","embeddable":true,"href":"https:\/\/lucaballestra.ch\/blog\/wp-json\/wp\/v2\/categories?post=168"},{"taxonomy":"post_tag","embeddable":true,"href":"https:\/\/lucaballestra.ch\/blog\/wp-json\/wp\/v2\/tags?post=168"}],"curies":[{"name":"wp","href":"https:\/\/api.w.org\/{rel}","templated":true}]}}