{"id":36,"date":"2020-02-12T09:46:32","date_gmt":"2020-02-12T12:46:32","guid":{"rendered":"https:\/\/lucaballestra.ch\/blog\/?p=36"},"modified":"2020-03-19T13:14:53","modified_gmt":"2020-03-19T12:14:53","slug":"lifting-5-segnali-che-ti-dicono-se-ne-hai-bisogno","status":"publish","type":"post","link":"https:\/\/lucaballestra.ch\/blog\/lifting-5-segnali-che-ti-dicono-se-ne-hai-bisogno\/","title":{"rendered":"Lifting: 5 segnali che ti dicono se ne hai bisogno"},"content":{"rendered":"\t\t<div data-elementor-type=\"wp-post\" data-elementor-id=\"36\" class=\"elementor elementor-36\">\n\t\t\t\t\t\t<div class=\"elementor-inner\">\n\t\t\t\t<div class=\"elementor-section-wrap\">\n\t\t\t\t\t\t\t\t\t<section class=\"elementor-section elementor-top-section elementor-element elementor-element-710a61ee elementor-section-boxed elementor-section-height-default elementor-section-height-default\" data-id=\"710a61ee\" data-element_type=\"section\">\n\t\t\t\t\t\t<div class=\"elementor-container elementor-column-gap-default\">\n\t\t\t\t\t\t\t<div class=\"elementor-row\">\n\t\t\t\t\t<div class=\"elementor-column elementor-col-100 elementor-top-column elementor-element elementor-element-1ad2ee74\" data-id=\"1ad2ee74\" data-element_type=\"column\">\n\t\t\t<div class=\"elementor-column-wrap elementor-element-populated\">\n\t\t\t\t\t\t\t<div class=\"elementor-widget-wrap\">\n\t\t\t\t\t\t<div class=\"elementor-element elementor-element-463ebdc4 elementor-widget elementor-widget-text-editor\" data-id=\"463ebdc4\" data-element_type=\"widget\" data-widget_type=\"text-editor.default\">\n\t\t\t\t<div class=\"elementor-widget-container\">\n\t\t\t\t\t\t\t\t<div class=\"elementor-text-editor elementor-clearfix\">\n\t\t\t\t<p data-selectable-paragraph=\"\">Essere insoddisfatti del proprio viso \u00e8 una condizione che colpisce molte persone, infatti, con il passare del tempo pu\u00f2 capitare di sentire\u00a0<strong>l\u2019esigenza di rinnovarsi<\/strong>.<\/p><p data-selectable-paragraph=\"\">Tra le motivazioni che spingono una persona a voler migliorare il proprio aspetto troviamo:<\/p><p data-selectable-paragraph=\"\">&#8211; Segni lasciati dall\u2019 Acne;<\/p><p data-selectable-paragraph=\"\">&#8211; Linee profonde d\u2019espressione;<\/p><p data-selectable-paragraph=\"\">&#8211; Cicatrici;<\/p><p data-selectable-paragraph=\"\">&#8211; Perdita della tonicit\u00e0.<\/p><p data-selectable-paragraph=\"\">Queste, sono alcune delle ragioni principali che portano molti soggetti a optare per la\u00a0<strong>chirurgia estetica.<\/strong><\/p><p data-selectable-paragraph=\"\">Prima di prendere in considerazione un intervento di chirurgia estetica, \u00e8 importante che tu prenda in esame diversi fattori.<\/p><p data-selectable-paragraph=\"\">Dopo aver valutato le motivazioni che ti spingono a fare un passo cos\u00ec importante, \u00e8 necessario capire\u00a0<strong>quando \u00e8 il momento d\u2019intervenire sul tuo viso<\/strong>.<\/p><p data-selectable-paragraph=\"\">In quali casi hai davvero bisogno di un intervento estetico, come ad esempio un\u00a0<strong>lifting facciale<\/strong>?<\/p><p data-selectable-paragraph=\"\">Vediamo le motivazioni pi\u00f9 comuni che portano una persona a compiere questa scelta, un modo per sentirsi meglio e vivere la vita con pi\u00f9 positivit\u00e0.<\/p><\/div><\/div><\/div><\/div><\/div><\/div><\/div><\/div><\/section><\/div><\/div><\/div> <a href=\"https:\/\/lucaballestra.ch\/blog\/lifting-5-segnali-che-ti-dicono-se-ne-hai-bisogno\/#more-36\" class=\"more-link elementor-more-link\"><span aria-label=\"Continue lendo Lifting: 5 segnali che ti dicono se ne hai bisogno\">(mais&hellip;)<\/span><\/a>","protected":false},"excerpt":{"rendered":"<p>Essere insoddisfatti del proprio viso \u00e8 una condizione che colpisce molte persone, infatti, con il passare del tempo pu\u00f2 capitare di sentire\u00a0l\u2019esigenza di rinnovarsi. Tra le motivazioni che spingono una persona a voler migliorare il proprio aspetto troviamo: &#8211; Segni lasciati dall\u2019 Acne; &#8211; Linee profonde d\u2019espressione; &#8211; Cicatrici; &#8211; Perdita della tonicit\u00e0. Queste, sono [&hellip;]<\/p>\n","protected":false},"author":1,"featured_media":37,"comment_status":"open","ping_status":"open","sticky":false,"template":"","format":"standard","meta":{"_coblocks_attr":"","_coblocks_dimensions":"","_coblocks_responsive_height":"","_coblocks_accordion_ie_support":"","inline_featured_image":false},"categories":[5],"tags":[14,13,15,12],"yoast_head":"<!-- This site is optimized with the Yoast SEO plugin v19.11 - https:\/\/yoast.com\/wordpress\/plugins\/seo\/ -->\n<title>Lifting: 5 segnali che ti dicono se ne hai bisogno - Dr. Luca Ballestra<\/title>\n<meta name=\"robots\" content=\"index, follow, max-snippet:-1, max-image-preview:large, max-video-preview:-1\" \/>\n<link rel=\"canonical\" href=\"https:\/\/lucaballestra.ch\/blog\/lifting-5-segnali-che-ti-dicono-se-ne-hai-bisogno\/\" \/>\n<meta property=\"og:locale\" content=\"pt_BR\" \/>\n<meta property=\"og:type\" content=\"article\" \/>\n<meta property=\"og:title\" content=\"Lifting: 5 segnali che ti dicono se ne hai bisogno - Dr. Luca Ballestra\" \/>\n<meta property=\"og:description\" content=\"Essere insoddisfatti del proprio viso \u00e8 una condizione che colpisce molte persone, infatti, con il passare del tempo pu\u00f2 capitare di sentire\u00a0l\u2019esigenza di rinnovarsi. Tra le motivazioni che spingono una persona a voler migliorare il proprio aspetto troviamo: &#8211; Segni lasciati dall\u2019 Acne; &#8211; Linee profonde d\u2019espressione; &#8211; Cicatrici; &#8211; Perdita della tonicit\u00e0. Queste, sono [&hellip;]\" \/>\n<meta property=\"og:url\" content=\"https:\/\/lucaballestra.ch\/blog\/lifting-5-segnali-che-ti-dicono-se-ne-hai-bisogno\/\" \/>\n<meta property=\"og:site_name\" content=\"Dr. Luca Ballestra\" \/>\n<meta property=\"article:published_time\" content=\"2020-02-12T12:46:32+00:00\" \/>\n<meta property=\"article:modified_time\" content=\"2020-03-19T12:14:53+00:00\" \/>\n<meta property=\"og:image\" content=\"https:\/\/lucaballestra.ch\/blog\/wp-content\/uploads\/2020\/02\/luca-ballestra-lugano-chirurgo-plastico.jpg\" \/>\n\t<meta property=\"og:image:width\" content=\"1000\" \/>\n\t<meta property=\"og:image:height\" content=\"563\" \/>\n\t<meta property=\"og:image:type\" content=\"image\/jpeg\" \/>\n<meta name=\"author\" content=\"Dr. Luca Ballestra\" \/>\n<meta name=\"twitter:card\" content=\"summary_large_image\" \/>\n<meta name=\"twitter:label1\" content=\"Escrito por\" \/>\n\t<meta name=\"twitter:data1\" content=\"Dr. Luca Ballestra\" \/>\n\t<meta name=\"twitter:label2\" content=\"Est. tempo de leitura\" \/>\n\t<meta name=\"twitter:data2\" content=\"4 minutos\" \/>\n<script type=\"application\/ld+json\" class=\"yoast-schema-graph\">{\"@context\":\"https:\/\/schema.org\",\"@graph\":[{\"@type\":\"Article\",\"@id\":\"https:\/\/lucaballestra.ch\/blog\/lifting-5-segnali-che-ti-dicono-se-ne-hai-bisogno\/#article\",\"isPartOf\":{\"@id\":\"https:\/\/lucaballestra.ch\/blog\/lifting-5-segnali-che-ti-dicono-se-ne-hai-bisogno\/\"},\"author\":{\"name\":\"Dr. Luca Ballestra\",\"@id\":\"https:\/\/lucaballestra.ch\/blog\/#\/schema\/person\/5169f604b43a3c52d51ca075eb358840\"},\"headline\":\"Lifting: 5 segnali che ti dicono se ne hai bisogno\",\"datePublished\":\"2020-02-12T12:46:32+00:00\",\"dateModified\":\"2020-03-19T12:14:53+00:00\",\"mainEntityOfPage\":{\"@id\":\"https:\/\/lucaballestra.ch\/blog\/lifting-5-segnali-che-ti-dicono-se-ne-hai-bisogno\/\"},\"wordCount\":769,\"commentCount\":0,\"publisher\":{\"@id\":\"https:\/\/lucaballestra.ch\/blog\/#organization\"},\"keywords\":[\"estetica\",\"lifting\",\"luca ballestra\",\"mini lifting\"],\"articleSection\":[\"Mini Lifting\"],\"inLanguage\":\"pt-BR\",\"potentialAction\":[{\"@type\":\"CommentAction\",\"name\":\"Comment\",\"target\":[\"https:\/\/lucaballestra.ch\/blog\/lifting-5-segnali-che-ti-dicono-se-ne-hai-bisogno\/#respond\"]}]},{\"@type\":\"WebPage\",\"@id\":\"https:\/\/lucaballestra.ch\/blog\/lifting-5-segnali-che-ti-dicono-se-ne-hai-bisogno\/\",\"url\":\"https:\/\/lucaballestra.ch\/blog\/lifting-5-segnali-che-ti-dicono-se-ne-hai-bisogno\/\",\"name\":\"Lifting: 5 segnali che ti dicono se ne hai bisogno - Dr. Luca Ballestra\",\"isPartOf\":{\"@id\":\"https:\/\/lucaballestra.ch\/blog\/#website\"},\"datePublished\":\"2020-02-12T12:46:32+00:00\",\"dateModified\":\"2020-03-19T12:14:53+00:00\",\"breadcrumb\":{\"@id\":\"https:\/\/lucaballestra.ch\/blog\/lifting-5-segnali-che-ti-dicono-se-ne-hai-bisogno\/#breadcrumb\"},\"inLanguage\":\"pt-BR\",\"potentialAction\":[{\"@type\":\"ReadAction\",\"target\":[\"https:\/\/lucaballestra.ch\/blog\/lifting-5-segnali-che-ti-dicono-se-ne-hai-bisogno\/\"]}]},{\"@type\":\"BreadcrumbList\",\"@id\":\"https:\/\/lucaballestra.ch\/blog\/lifting-5-segnali-che-ti-dicono-se-ne-hai-bisogno\/#breadcrumb\",\"itemListElement\":[{\"@type\":\"ListItem\",\"position\":1,\"name\":\"Home\",\"item\":\"https:\/\/lucaballestra.ch\/blog\/\"},{\"@type\":\"ListItem\",\"position\":2,\"name\":\"Lifting: 5 segnali che ti dicono se ne hai bisogno\"}]},{\"@type\":\"WebSite\",\"@id\":\"https:\/\/lucaballestra.ch\/blog\/#website\",\"url\":\"https:\/\/lucaballestra.ch\/blog\/\",\"name\":\"Dr. Luca Ballestra\",\"description\":\"Blog\",\"publisher\":{\"@id\":\"https:\/\/lucaballestra.ch\/blog\/#organization\"},\"potentialAction\":[{\"@type\":\"SearchAction\",\"target\":{\"@type\":\"EntryPoint\",\"urlTemplate\":\"https:\/\/lucaballestra.ch\/blog\/?s={search_term_string}\"},\"query-input\":\"required name=search_term_string\"}],\"inLanguage\":\"pt-BR\"},{\"@type\":\"Organization\",\"@id\":\"https:\/\/lucaballestra.ch\/blog\/#organization\",\"name\":\"Dr. Luca Ballestra\",\"url\":\"https:\/\/lucaballestra.ch\/blog\/\",\"logo\":{\"@type\":\"ImageObject\",\"inLanguage\":\"pt-BR\",\"@id\":\"https:\/\/lucaballestra.ch\/blog\/#\/schema\/logo\/image\/\",\"url\":\"https:\/\/lucaballestra.ch\/blog\/wp-content\/uploads\/2020\/08\/dr-luca-ballestra-rhinoplastic-rinoplastica.png\",\"contentUrl\":\"https:\/\/lucaballestra.ch\/blog\/wp-content\/uploads\/2020\/08\/dr-luca-ballestra-rhinoplastic-rinoplastica.png\",\"width\":867,\"height\":829,\"caption\":\"Dr. Luca Ballestra\"},\"image\":{\"@id\":\"https:\/\/lucaballestra.ch\/blog\/#\/schema\/logo\/image\/\"}},{\"@type\":\"Person\",\"@id\":\"https:\/\/lucaballestra.ch\/blog\/#\/schema\/person\/5169f604b43a3c52d51ca075eb358840\",\"name\":\"Dr. Luca Ballestra\",\"image\":{\"@type\":\"ImageObject\",\"inLanguage\":\"pt-BR\",\"@id\":\"https:\/\/lucaballestra.ch\/blog\/#\/schema\/person\/image\/\",\"url\":\"https:\/\/secure.gravatar.com\/avatar\/b212ec8e418eb836b7f5de4cfe6b2416?s=96&d=mm&r=g\",\"contentUrl\":\"https:\/\/secure.gravatar.com\/avatar\/b212ec8e418eb836b7f5de4cfe6b2416?s=96&d=mm&r=g\",\"caption\":\"Dr. Luca Ballestra\"},\"url\":\"https:\/\/lucaballestra.ch\/blog\/author\/lucaball\/\"}]}<\/script>\n<!-- \/ Yoast SEO plugin. -->","yoast_head_json":{"title":"Lifting: 5 segnali che ti dicono se ne hai bisogno - Dr. Luca Ballestra","robots":{"index":"index","follow":"follow","max-snippet":"max-snippet:-1","max-image-preview":"max-image-preview:large","max-video-preview":"max-video-preview:-1"},"canonical":"https:\/\/lucaballestra.ch\/blog\/lifting-5-segnali-che-ti-dicono-se-ne-hai-bisogno\/","og_locale":"pt_BR","og_type":"article","og_title":"Lifting: 5 segnali che ti dicono se ne hai bisogno - Dr. Luca Ballestra","og_description":"Essere insoddisfatti del proprio viso \u00e8 una condizione che colpisce molte persone, infatti, con il passare del tempo pu\u00f2 capitare di sentire\u00a0l\u2019esigenza di rinnovarsi. Tra le motivazioni che spingono una persona a voler migliorare il proprio aspetto troviamo: &#8211; Segni lasciati dall\u2019 Acne; &#8211; Linee profonde d\u2019espressione; &#8211; Cicatrici; &#8211; Perdita della tonicit\u00e0. Queste, sono [&hellip;]","og_url":"https:\/\/lucaballestra.ch\/blog\/lifting-5-segnali-che-ti-dicono-se-ne-hai-bisogno\/","og_site_name":"Dr. Luca Ballestra","article_published_time":"2020-02-12T12:46:32+00:00","article_modified_time":"2020-03-19T12:14:53+00:00","og_image":[{"width":1000,"height":563,"url":"https:\/\/lucaballestra.ch\/blog\/wp-content\/uploads\/2020\/02\/luca-ballestra-lugano-chirurgo-plastico.jpg","type":"image\/jpeg"}],"author":"Dr. Luca Ballestra","twitter_card":"summary_large_image","twitter_misc":{"Escrito por":"Dr. Luca Ballestra","Est. tempo de leitura":"4 minutos"},"schema":{"@context":"https:\/\/schema.org","@graph":[{"@type":"Article","@id":"https:\/\/lucaballestra.ch\/blog\/lifting-5-segnali-che-ti-dicono-se-ne-hai-bisogno\/#article","isPartOf":{"@id":"https:\/\/lucaballestra.ch\/blog\/lifting-5-segnali-che-ti-dicono-se-ne-hai-bisogno\/"},"author":{"name":"Dr. Luca Ballestra","@id":"https:\/\/lucaballestra.ch\/blog\/#\/schema\/person\/5169f604b43a3c52d51ca075eb358840"},"headline":"Lifting: 5 segnali che ti dicono se ne hai bisogno","datePublished":"2020-02-12T12:46:32+00:00","dateModified":"2020-03-19T12:14:53+00:00","mainEntityOfPage":{"@id":"https:\/\/lucaballestra.ch\/blog\/lifting-5-segnali-che-ti-dicono-se-ne-hai-bisogno\/"},"wordCount":769,"commentCount":0,"publisher":{"@id":"https:\/\/lucaballestra.ch\/blog\/#organization"},"keywords":["estetica","lifting","luca ballestra","mini lifting"],"articleSection":["Mini Lifting"],"inLanguage":"pt-BR","potentialAction":[{"@type":"CommentAction","name":"Comment","target":["https:\/\/lucaballestra.ch\/blog\/lifting-5-segnali-che-ti-dicono-se-ne-hai-bisogno\/#respond"]}]},{"@type":"WebPage","@id":"https:\/\/lucaballestra.ch\/blog\/lifting-5-segnali-che-ti-dicono-se-ne-hai-bisogno\/","url":"https:\/\/lucaballestra.ch\/blog\/lifting-5-segnali-che-ti-dicono-se-ne-hai-bisogno\/","name":"Lifting: 5 segnali che ti dicono se ne hai bisogno - Dr. Luca Ballestra","isPartOf":{"@id":"https:\/\/lucaballestra.ch\/blog\/#website"},"datePublished":"2020-02-12T12:46:32+00:00","dateModified":"2020-03-19T12:14:53+00:00","breadcrumb":{"@id":"https:\/\/lucaballestra.ch\/blog\/lifting-5-segnali-che-ti-dicono-se-ne-hai-bisogno\/#breadcrumb"},"inLanguage":"pt-BR","potentialAction":[{"@type":"ReadAction","target":["https:\/\/lucaballestra.ch\/blog\/lifting-5-segnali-che-ti-dicono-se-ne-hai-bisogno\/"]}]},{"@type":"BreadcrumbList","@id":"https:\/\/lucaballestra.ch\/blog\/lifting-5-segnali-che-ti-dicono-se-ne-hai-bisogno\/#breadcrumb","itemListElement":[{"@type":"ListItem","position":1,"name":"Home","item":"https:\/\/lucaballestra.ch\/blog\/"},{"@type":"ListItem","position":2,"name":"Lifting: 5 segnali che ti dicono se ne hai bisogno"}]},{"@type":"WebSite","@id":"https:\/\/lucaballestra.ch\/blog\/#website","url":"https:\/\/lucaballestra.ch\/blog\/","name":"Dr. Luca Ballestra","description":"Blog","publisher":{"@id":"https:\/\/lucaballestra.ch\/blog\/#organization"},"potentialAction":[{"@type":"SearchAction","target":{"@type":"EntryPoint","urlTemplate":"https:\/\/lucaballestra.ch\/blog\/?s={search_term_string}"},"query-input":"required name=search_term_string"}],"inLanguage":"pt-BR"},{"@type":"Organization","@id":"https:\/\/lucaballestra.ch\/blog\/#organization","name":"Dr. Luca Ballestra","url":"https:\/\/lucaballestra.ch\/blog\/","logo":{"@type":"ImageObject","inLanguage":"pt-BR","@id":"https:\/\/lucaballestra.ch\/blog\/#\/schema\/logo\/image\/","url":"https:\/\/lucaballestra.ch\/blog\/wp-content\/uploads\/2020\/08\/dr-luca-ballestra-rhinoplastic-rinoplastica.png","contentUrl":"https:\/\/lucaballestra.ch\/blog\/wp-content\/uploads\/2020\/08\/dr-luca-ballestra-rhinoplastic-rinoplastica.png","width":867,"height":829,"caption":"Dr. Luca Ballestra"},"image":{"@id":"https:\/\/lucaballestra.ch\/blog\/#\/schema\/logo\/image\/"}},{"@type":"Person","@id":"https:\/\/lucaballestra.ch\/blog\/#\/schema\/person\/5169f604b43a3c52d51ca075eb358840","name":"Dr. Luca Ballestra","image":{"@type":"ImageObject","inLanguage":"pt-BR","@id":"https:\/\/lucaballestra.ch\/blog\/#\/schema\/person\/image\/","url":"https:\/\/secure.gravatar.com\/avatar\/b212ec8e418eb836b7f5de4cfe6b2416?s=96&d=mm&r=g","contentUrl":"https:\/\/secure.gravatar.com\/avatar\/b212ec8e418eb836b7f5de4cfe6b2416?s=96&d=mm&r=g","caption":"Dr. Luca Ballestra"},"url":"https:\/\/lucaballestra.ch\/blog\/author\/lucaball\/"}]}},"_links":{"self":[{"href":"https:\/\/lucaballestra.ch\/blog\/wp-json\/wp\/v2\/posts\/36"}],"collection":[{"href":"https:\/\/lucaballestra.ch\/blog\/wp-json\/wp\/v2\/posts"}],"about":[{"href":"https:\/\/lucaballestra.ch\/blog\/wp-json\/wp\/v2\/types\/post"}],"author":[{"embeddable":true,"href":"https:\/\/lucaballestra.ch\/blog\/wp-json\/wp\/v2\/users\/1"}],"replies":[{"embeddable":true,"href":"https:\/\/lucaballestra.ch\/blog\/wp-json\/wp\/v2\/comments?post=36"}],"version-history":[{"count":3,"href":"https:\/\/lucaballestra.ch\/blog\/wp-json\/wp\/v2\/posts\/36\/revisions"}],"predecessor-version":[{"id":195,"href":"https:\/\/lucaballestra.ch\/blog\/wp-json\/wp\/v2\/posts\/36\/revisions\/195"}],"wp:featuredmedia":[{"embeddable":true,"href":"https:\/\/lucaballestra.ch\/blog\/wp-json\/wp\/v2\/media\/37"}],"wp:attachment":[{"href":"https:\/\/lucaballestra.ch\/blog\/wp-json\/wp\/v2\/media?parent=36"}],"wp:term":[{"taxonomy":"category","embeddable":true,"href":"https:\/\/lucaballestra.ch\/blog\/wp-json\/wp\/v2\/categories?post=36"},{"taxonomy":"post_tag","embeddable":true,"href":"https:\/\/lucaballestra.ch\/blog\/wp-json\/wp\/v2\/tags?post=36"}],"curies":[{"name":"wp","href":"https:\/\/api.w.org\/{rel}","templated":true}]}}