{"id":426,"date":"2020-04-13T19:54:30","date_gmt":"2020-04-13T17:54:30","guid":{"rendered":"https:\/\/lucaballestra.ch\/blog\/?p=426"},"modified":"2022-12-09T14:48:56","modified_gmt":"2022-12-09T13:48:56","slug":"la-mastoplastica-sentirsi-bene-nel-proprio-corpo-di-donna","status":"publish","type":"post","link":"https:\/\/lucaballestra.ch\/blog\/la-mastoplastica-sentirsi-bene-nel-proprio-corpo-di-donna\/","title":{"rendered":"La Mastoplastica Sentirsi bene nel proprio corpo di donna"},"content":{"rendered":"<p><em>Dinnanzi alla voluta esibizione del petto della donna, l\u2019osservatore non percepisce volgarit\u00e0 o eccessiva provocazione erotica, piuttosto bellezza: dettata <strong>dall\u2019armonia delle forme diventando il seno stesso protagonista dell\u2019immagine. <\/strong><\/em><\/p>\n<p>Nel corso dei secoli le mode, le epoche, il ruolo della donna e l\u2019uso del suo corpo hanno subito notevoli cambiamenti, ma la rappresentazione del seno femminile sembra non tramontare mai e si pone da sempre al centro d\u2019interesse per scultori e pittori di ogni tempo. Il seno nudo, simbolo di maternit\u00e0, desiderio proibito, casto o sensuale, provocatorio o puro, \u00e8 quindi un tema ed un soggetto che ha accompagnato tutta la storia dell\u2019arte fin dall\u2019antichit\u00e0.<\/p>\n<p><!--more-->Da ci\u00f2 \u00e8 facile comprendere che l\u2019attenzione che le donne oggi riservano a questa parte del corpo non nasce con l\u2019era moderna, o \u2018post moderna\u2019, ma ha radici ben pi\u00f9 remote. Il seno si pone da sempre come simbolo di femminilit\u00e0, ma non solo anche di fertilit\u00e0 e maternit\u00e0 ed \u00e8 ovviamente uno degli attributi sessuali principali da cui ne derivano valori e canoni estetici che lo hanno reso veicolo per pubblicizzare moda, abiti, cosmetica e chirurgia estetica.<\/p>\n<figure><img decoding=\"async\" loading=\"lazy\" src=\"https:\/\/lucaballestra.ch\/blog\/wp-content\/uploads\/2020\/04\/marylin.jpg\" sizes=\"(max-width: 700px) 100vw, 700px\" srcset=\"https:\/\/lucaballestra.ch\/blog\/wp-content\/uploads\/2020\/04\/marylin.jpg 805w, https:\/\/lucaballestra.ch\/blog\/wp-content\/uploads\/2020\/04\/marylin-236x300.jpg 236w, https:\/\/lucaballestra.ch\/blog\/wp-content\/uploads\/2020\/04\/marylin-768x977.jpg 768w\" alt=\"\" width=\"700\" height=\"890\" \/><figcaption>Marilyn Monroe in una locandina pubblicitaria, 1950<\/figcaption><\/figure>\n<h2>La Chirurgia Estetica per cambiare il proprio seno<\/h2>\n<p>Oggi si eseguono diversi interventi di chirurgia estetica, e <strong>la mastoplastica<\/strong> (che pu\u00f2 essere additiva o riduttiva) \u00e8 sicuramente uno tra i pi\u00f9 richiesti. I modelli di quello che pu\u00f2 venir considerato un bel seno sono cambiati nel corso dei secoli, esattamente come lo sono i canoni della bellezza in generale, ma il seno, rimane comunque il cardine al centro della bellezza femminile.<\/p>\n<p>Nelle sue diverse forme e dimensioni: esuberante o puerile, appuntito o pi\u00f9 rotondeggiante; arte, TV e social network ci hanno mostrato e ci propongono modelli differenti, ma tutti accomunati da due aspetti principali che ne determinano la bellezza: <strong>armonia e proporzione<\/strong>.<\/p>\n<p>Lo scopo principale di chi si sottopone oggi ad un intervento di mastoplastica \u00e8 quello di ritrovare serenit\u00e0 con il proprio corpo.<\/p>\n<p>Un seno troppo piccolo o troppo grande, un eccessivo dimagrimento, l\u2019allattamento, un seno svuotato oppure pendente, una malattia,\u2026sono molteplici le cause e le motivazioni personali che possono\u00a0 portare una donna a non sentirsi a proprio agio con il proprio seno e quindi con parte del proprio corpo. Un decolt\u00e9 che si reputa brutto, non \u00e8 solo qualcosa del proprio fisico che non piace, bens\u00ec, ha una valenza pi\u00f9 profonda ed importante nella mente di una donna. Proprio per le ragioni sopra citate abbiamo visto come il seno sia sinonimo di femminilit\u00e0, dell\u2019essere Donna in quanto tale e quindi riveste un ruolo centrale non solo nel suo corpo ma anche nella sua psiche.<\/p>\n<p><strong>L\u2019intervento di mastoplastica non \u00e8 solo in grado di ridare la forma desiderata al proprio petto, ma permette di sviluppare una maggior sicurezza in se stesse che si traduce automaticamente in una maggiore autostima, apportando benefici non solo da un punto di vista estetico, (talvolta anche fisico), ma anche da un punto di vista psicologico laddove sussiste un disagio.<\/strong><strong>\u00a0<\/strong><\/p>\n<p><strong>Sentirsi bene nel proprio corpo di donna.<\/strong><\/p>\n<figure><img decoding=\"async\" loading=\"lazy\" src=\"https:\/\/lucaballestra.ch\/blog\/wp-content\/uploads\/2020\/04\/goya-luca-ballestra-1024x533.jpg\" sizes=\"(max-width: 700px) 100vw, 700px\" srcset=\"https:\/\/lucaballestra.ch\/blog\/wp-content\/uploads\/2020\/04\/goya-luca-ballestra-1024x533.jpg 1024w, https:\/\/lucaballestra.ch\/blog\/wp-content\/uploads\/2020\/04\/goya-luca-ballestra-300x156.jpg 300w, https:\/\/lucaballestra.ch\/blog\/wp-content\/uploads\/2020\/04\/goya-luca-ballestra-768x400.jpg 768w, https:\/\/lucaballestra.ch\/blog\/wp-content\/uploads\/2020\/04\/goya-luca-ballestra-1536x800.jpg 1536w, https:\/\/lucaballestra.ch\/blog\/wp-content\/uploads\/2020\/04\/goya-luca-ballestra-1736x904.jpg 1736w, https:\/\/lucaballestra.ch\/blog\/wp-content\/uploads\/2020\/04\/goya-luca-ballestra.jpg 1948w\" alt=\"\" width=\"700\" height=\"364\" \/><figcaption>La Maya Desnuda, Francisco Goia 1800, Museo del Prado Madrid<\/figcaption><\/figure>\n<h2>La Mastoplastica Additiva. Cos\u2019\u00e8 nello specifico?<\/h2>\n<p>La mastoplastica additiva \u00e8 uno degli interventi pi\u00f9 richiesti e, grazie alle tecniche moderne, sempre pi\u00f9 efficiente e sicuro.<\/p>\n<p>Con il termine additiva si intende l\u2019<strong>aumento del volume <\/strong>che pu\u00f2 essere richiesto per le ragioni seguenti: asimmetria mammaria, seno poco voluminoso o assente, seno cadente o svuotato (es. dopo una gravidanza\/allattamento o un dimagrimento).<\/p>\n<h3><strong>Come si procede?<\/strong><\/h3>\n<p>Dopo un approfondito colloquio con il chirurgo a cui ci si vuole affidare, verranno chiarite tutte le procedure dell\u2019intervento e valutati e desideri della paziente, con la relativa scelta del tipo e della grandezza delle protesi pi\u00f9 adatte a soddisfare il desiderio della cliente ma anche pi\u00f9 idonee da un punto di vista medico.<\/p>\n<p>L\u2019intervento prevede l\u2019inserimento delle protesi, accuratamente scelte, attraverso un\u2019incisione, sar\u00e0 il chirurgo a decidere la metodologia migliore in base alla richiesta della paziente ed alla situazione di partenza. Non bisogna dimenticare che ogni donna presenta una struttura fisica differente che deve essere presa in considerazione per ottenere il risultato migliore possibile, sono infatti molteplici gli aspetti da considerare, come l\u2019ampiezza del petto, il seno naturale da cui si parte, la qualit\u00e0 della pelle (la sua elasticit\u00e0).<\/p>\n<p>L\u2019operazione ha una durata in media di circa un\u2019ora e mezza, pu\u00f2 essere eseguita in anestesia locale o in anestesia totale.<\/p>\n<p>Il bendaggio \u00e8 il medesimo per ogni paziente: vengono impiegate delle fasce elastiche molto strette in modo da comprimere il seno il pi\u00f9 possibile. Questa procedura \u00e8 molto importante per permettere il riassestamento dei tessuti nel modo migliore.<\/p>\n<h3><strong>Quali sono i tempi di recupero dopo l\u2019intervento?<\/strong><\/h3>\n<p>Spossatezza, stanchezza, nausea e confusione sono i sintomi che possono manifestarsi nell\u2019 immediato post operatorio e riconoscono una durata limitata a poche ore, sono infatti sintomi riconducibili agli effetti dell\u2019anestesia che in breve tempo vanno scemandosi fino a smaltirsi del tutto.<\/p>\n<p>E\u2019 importante per\u00f2 ribadire come dopo un intervento di mastoplastica tradizionale sono necessari dei giorni di riposo, tempi prestabiliti ed obbligatori, prima di tornare alla quotidianit\u00e0.<\/p>\n<h3><strong>Cos\u2019\u00e8 la \u2018fast track recovery\u2019?<\/strong><strong>\u00a0<\/strong><\/h3>\n<p>Ideata e praticata dal Dott. Adams, la <strong>fast track recovery, <\/strong>ha come obbiettivo principale un <strong>recupero post operatorio rapido e minimizzare le problematiche<\/strong> che possono subentrare dopo l\u2019intervento di mastoplastica additiva, come dolore muscolare e conseguente movimento limitato delle braccia.<\/p>\n<p>Il Dott. Adams ha implementato svariate azioni specifiche (riassumibili con il termine di \u2018fast track recovery\u2019) che riescono a ridurre il dolore e a velocizzare il tempo di recupero post operatorio. Tra queste azioni vi \u00e8 l\u2019impiego di esercizi che permettono alla paziente (ancora in parte sedata dall\u2019intervento) di muovere le braccia immediatamente dopo operazione evitando l\u2019irrigidimento e la contrattura dei tessuti muscolari interessati.<\/p>\n<p>Questo metodo innovativo minimizza l\u2019utilizzo degli antidolorifici nei giorni successivi all\u2019operazione.<\/p>\n<p>In poche parole una procedura di aumento del seno che consente dopo sole 48\/72 ore di tornare alla completa normalit\u00e0.<\/p>\n<p><strong>Un grande vantaggio per tutte le pazienti che desiderano sottoporsi a quest\u2019operazione e ritornare alla vita di tutti i giorni in un breve periodo. Una delle migliori tecniche per la mastoplastica additiva, specifica e studiata attentamente per ottenere un recupero veloce e dei risultati ottimali.<\/strong><\/p>\n<h2>Il Seno Nella Storia Dell\u2019arte: Alcuni Esempi<\/h2>\n<p><img decoding=\"async\" loading=\"lazy\" src=\"https:\/\/lucaballestra.ch\/blog\/wp-content\/uploads\/2020\/04\/mastoplastica-luca-ballestra-671x1024.jpg\" sizes=\"(max-width: 671px) 100vw, 671px\" srcset=\"https:\/\/lucaballestra.ch\/blog\/wp-content\/uploads\/2020\/04\/mastoplastica-luca-ballestra-671x1024.jpg 671w, https:\/\/lucaballestra.ch\/blog\/wp-content\/uploads\/2020\/04\/mastoplastica-luca-ballestra-197x300.jpg 197w, https:\/\/lucaballestra.ch\/blog\/wp-content\/uploads\/2020\/04\/mastoplastica-luca-ballestra-768x1172.jpg 768w, https:\/\/lucaballestra.ch\/blog\/wp-content\/uploads\/2020\/04\/mastoplastica-luca-ballestra.jpg 977w\" alt=\"\" width=\"671\" height=\"1024\" \/><\/p>\n<p><em>Venere di Milo di Alessandro di Antiochia 130 a.C. Louvre, Parigi<\/em><\/p>\n<p><em>Allegoria del trionfo di Venere di Agnolo Bronzino, 1540-154, National Gallery Londra.<\/em><\/p>\n<p><img decoding=\"async\" loading=\"lazy\" src=\"https:\/\/lucaballestra.ch\/blog\/wp-content\/uploads\/2020\/04\/mastoplastica2-luca-ballestra-814x1024.jpg\" sizes=\"(max-width: 700px) 100vw, 700px\" srcset=\"https:\/\/lucaballestra.ch\/blog\/wp-content\/uploads\/2020\/04\/mastoplastica2-luca-ballestra-814x1024.jpg 814w, https:\/\/lucaballestra.ch\/blog\/wp-content\/uploads\/2020\/04\/mastoplastica2-luca-ballestra-238x300.jpg 238w, https:\/\/lucaballestra.ch\/blog\/wp-content\/uploads\/2020\/04\/mastoplastica2-luca-ballestra-768x966.jpg 768w, https:\/\/lucaballestra.ch\/blog\/wp-content\/uploads\/2020\/04\/mastoplastica2-luca-ballestra.jpg 1185w\" alt=\"\" width=\"700\" height=\"881\" \/><br \/>\n<img decoding=\"async\" loading=\"lazy\" src=\"https:\/\/lucaballestra.ch\/blog\/wp-content\/uploads\/2020\/04\/mastoplastica3-luca-ballestra-626x1024.jpg\" sizes=\"(max-width: 626px) 100vw, 626px\" srcset=\"https:\/\/lucaballestra.ch\/blog\/wp-content\/uploads\/2020\/04\/mastoplastica3-luca-ballestra-626x1024.jpg 626w, https:\/\/lucaballestra.ch\/blog\/wp-content\/uploads\/2020\/04\/mastoplastica3-luca-ballestra-183x300.jpg 183w, https:\/\/lucaballestra.ch\/blog\/wp-content\/uploads\/2020\/04\/mastoplastica3-luca-ballestra-768x1257.jpg 768w, https:\/\/lucaballestra.ch\/blog\/wp-content\/uploads\/2020\/04\/mastoplastica3-luca-ballestra.jpg 911w\" alt=\"\" width=\"626\" height=\"1024\" \/><\/p>\n<p><em>Apollo e Dafne di Gian Lorenzo Bernini 1622-1625 Galleria Borghese, Roma <\/em><\/p>\n","protected":false},"excerpt":{"rendered":"<p>Dinnanzi alla voluta esibizione del petto della donna, l\u2019osservatore non percepisce volgarit\u00e0 o eccessiva provocazione erotica, piuttosto bellezza: dettata dall\u2019armonia delle forme diventando il seno stesso protagonista dell\u2019immagine. Nel corso dei secoli le mode, le epoche, il ruolo della donna e l\u2019uso del suo corpo hanno subito notevoli cambiamenti, ma la rappresentazione del seno femminile [&hellip;]<\/p>\n","protected":false},"author":1,"featured_media":440,"comment_status":"open","ping_status":"open","sticky":false,"template":"","format":"standard","meta":{"_coblocks_attr":"","_coblocks_dimensions":"","_coblocks_responsive_height":"","_coblocks_accordion_ie_support":"","inline_featured_image":false},"categories":[44],"tags":[8],"yoast_head":"<!-- This site is optimized with the Yoast SEO plugin v19.11 - https:\/\/yoast.com\/wordpress\/plugins\/seo\/ -->\n<title>La Mastoplastica Sentirsi bene nel proprio corpo di donna - Dr. Luca Ballestra<\/title>\n<meta name=\"robots\" content=\"index, follow, max-snippet:-1, max-image-preview:large, max-video-preview:-1\" \/>\n<link rel=\"canonical\" href=\"https:\/\/lucaballestra.ch\/blog\/la-mastoplastica-sentirsi-bene-nel-proprio-corpo-di-donna\/\" \/>\n<meta property=\"og:locale\" content=\"pt_BR\" \/>\n<meta property=\"og:type\" content=\"article\" \/>\n<meta property=\"og:title\" content=\"La Mastoplastica Sentirsi bene nel proprio corpo di donna - Dr. Luca Ballestra\" \/>\n<meta property=\"og:description\" content=\"Dinnanzi alla voluta esibizione del petto della donna, l\u2019osservatore non percepisce volgarit\u00e0 o eccessiva provocazione erotica, piuttosto bellezza: dettata dall\u2019armonia delle forme diventando il seno stesso protagonista dell\u2019immagine. Nel corso dei secoli le mode, le epoche, il ruolo della donna e l\u2019uso del suo corpo hanno subito notevoli cambiamenti, ma la rappresentazione del seno femminile [&hellip;]\" \/>\n<meta property=\"og:url\" content=\"https:\/\/lucaballestra.ch\/blog\/la-mastoplastica-sentirsi-bene-nel-proprio-corpo-di-donna\/\" \/>\n<meta property=\"og:site_name\" content=\"Dr. Luca Ballestra\" \/>\n<meta property=\"article:published_time\" content=\"2020-04-13T17:54:30+00:00\" \/>\n<meta property=\"article:modified_time\" content=\"2022-12-09T13:48:56+00:00\" \/>\n<meta property=\"og:image\" content=\"https:\/\/lucaballestra.ch\/blog\/wp-content\/uploads\/2020\/04\/goya-luca-ballestra-1.jpg\" \/>\n\t<meta property=\"og:image:width\" content=\"1948\" \/>\n\t<meta property=\"og:image:height\" content=\"1014\" \/>\n\t<meta property=\"og:image:type\" content=\"image\/jpeg\" \/>\n<meta name=\"author\" content=\"Dr. Luca Ballestra\" \/>\n<meta name=\"twitter:card\" content=\"summary_large_image\" \/>\n<meta name=\"twitter:label1\" content=\"Escrito por\" \/>\n\t<meta name=\"twitter:data1\" content=\"Dr. Luca Ballestra\" \/>\n\t<meta name=\"twitter:label2\" content=\"Est. tempo de leitura\" \/>\n\t<meta name=\"twitter:data2\" content=\"7 minutos\" \/>\n<script type=\"application\/ld+json\" class=\"yoast-schema-graph\">{\"@context\":\"https:\/\/schema.org\",\"@graph\":[{\"@type\":\"Article\",\"@id\":\"https:\/\/lucaballestra.ch\/blog\/la-mastoplastica-sentirsi-bene-nel-proprio-corpo-di-donna\/#article\",\"isPartOf\":{\"@id\":\"https:\/\/lucaballestra.ch\/blog\/la-mastoplastica-sentirsi-bene-nel-proprio-corpo-di-donna\/\"},\"author\":{\"name\":\"Dr. Luca Ballestra\",\"@id\":\"https:\/\/lucaballestra.ch\/blog\/#\/schema\/person\/5169f604b43a3c52d51ca075eb358840\"},\"headline\":\"La Mastoplastica Sentirsi bene nel proprio corpo di donna\",\"datePublished\":\"2020-04-13T17:54:30+00:00\",\"dateModified\":\"2022-12-09T13:48:56+00:00\",\"mainEntityOfPage\":{\"@id\":\"https:\/\/lucaballestra.ch\/blog\/la-mastoplastica-sentirsi-bene-nel-proprio-corpo-di-donna\/\"},\"wordCount\":1091,\"commentCount\":0,\"publisher\":{\"@id\":\"https:\/\/lucaballestra.ch\/blog\/#organization\"},\"keywords\":[\"mastoplastica\"],\"articleSection\":[\"Mastoplastica\"],\"inLanguage\":\"pt-BR\",\"potentialAction\":[{\"@type\":\"CommentAction\",\"name\":\"Comment\",\"target\":[\"https:\/\/lucaballestra.ch\/blog\/la-mastoplastica-sentirsi-bene-nel-proprio-corpo-di-donna\/#respond\"]}]},{\"@type\":\"WebPage\",\"@id\":\"https:\/\/lucaballestra.ch\/blog\/la-mastoplastica-sentirsi-bene-nel-proprio-corpo-di-donna\/\",\"url\":\"https:\/\/lucaballestra.ch\/blog\/la-mastoplastica-sentirsi-bene-nel-proprio-corpo-di-donna\/\",\"name\":\"La Mastoplastica Sentirsi bene nel proprio corpo di donna - Dr. Luca Ballestra\",\"isPartOf\":{\"@id\":\"https:\/\/lucaballestra.ch\/blog\/#website\"},\"datePublished\":\"2020-04-13T17:54:30+00:00\",\"dateModified\":\"2022-12-09T13:48:56+00:00\",\"breadcrumb\":{\"@id\":\"https:\/\/lucaballestra.ch\/blog\/la-mastoplastica-sentirsi-bene-nel-proprio-corpo-di-donna\/#breadcrumb\"},\"inLanguage\":\"pt-BR\",\"potentialAction\":[{\"@type\":\"ReadAction\",\"target\":[\"https:\/\/lucaballestra.ch\/blog\/la-mastoplastica-sentirsi-bene-nel-proprio-corpo-di-donna\/\"]}]},{\"@type\":\"BreadcrumbList\",\"@id\":\"https:\/\/lucaballestra.ch\/blog\/la-mastoplastica-sentirsi-bene-nel-proprio-corpo-di-donna\/#breadcrumb\",\"itemListElement\":[{\"@type\":\"ListItem\",\"position\":1,\"name\":\"Home\",\"item\":\"https:\/\/lucaballestra.ch\/blog\/\"},{\"@type\":\"ListItem\",\"position\":2,\"name\":\"La Mastoplastica Sentirsi bene nel proprio corpo di donna\"}]},{\"@type\":\"WebSite\",\"@id\":\"https:\/\/lucaballestra.ch\/blog\/#website\",\"url\":\"https:\/\/lucaballestra.ch\/blog\/\",\"name\":\"Dr. Luca Ballestra\",\"description\":\"Blog\",\"publisher\":{\"@id\":\"https:\/\/lucaballestra.ch\/blog\/#organization\"},\"potentialAction\":[{\"@type\":\"SearchAction\",\"target\":{\"@type\":\"EntryPoint\",\"urlTemplate\":\"https:\/\/lucaballestra.ch\/blog\/?s={search_term_string}\"},\"query-input\":\"required name=search_term_string\"}],\"inLanguage\":\"pt-BR\"},{\"@type\":\"Organization\",\"@id\":\"https:\/\/lucaballestra.ch\/blog\/#organization\",\"name\":\"Dr. Luca Ballestra\",\"url\":\"https:\/\/lucaballestra.ch\/blog\/\",\"logo\":{\"@type\":\"ImageObject\",\"inLanguage\":\"pt-BR\",\"@id\":\"https:\/\/lucaballestra.ch\/blog\/#\/schema\/logo\/image\/\",\"url\":\"https:\/\/lucaballestra.ch\/blog\/wp-content\/uploads\/2020\/08\/dr-luca-ballestra-rhinoplastic-rinoplastica.png\",\"contentUrl\":\"https:\/\/lucaballestra.ch\/blog\/wp-content\/uploads\/2020\/08\/dr-luca-ballestra-rhinoplastic-rinoplastica.png\",\"width\":867,\"height\":829,\"caption\":\"Dr. Luca Ballestra\"},\"image\":{\"@id\":\"https:\/\/lucaballestra.ch\/blog\/#\/schema\/logo\/image\/\"}},{\"@type\":\"Person\",\"@id\":\"https:\/\/lucaballestra.ch\/blog\/#\/schema\/person\/5169f604b43a3c52d51ca075eb358840\",\"name\":\"Dr. Luca Ballestra\",\"image\":{\"@type\":\"ImageObject\",\"inLanguage\":\"pt-BR\",\"@id\":\"https:\/\/lucaballestra.ch\/blog\/#\/schema\/person\/image\/\",\"url\":\"https:\/\/secure.gravatar.com\/avatar\/b212ec8e418eb836b7f5de4cfe6b2416?s=96&d=mm&r=g\",\"contentUrl\":\"https:\/\/secure.gravatar.com\/avatar\/b212ec8e418eb836b7f5de4cfe6b2416?s=96&d=mm&r=g\",\"caption\":\"Dr. Luca Ballestra\"},\"url\":\"https:\/\/lucaballestra.ch\/blog\/author\/lucaball\/\"}]}<\/script>\n<!-- \/ Yoast SEO plugin. -->","yoast_head_json":{"title":"La Mastoplastica Sentirsi bene nel proprio corpo di donna - Dr. Luca Ballestra","robots":{"index":"index","follow":"follow","max-snippet":"max-snippet:-1","max-image-preview":"max-image-preview:large","max-video-preview":"max-video-preview:-1"},"canonical":"https:\/\/lucaballestra.ch\/blog\/la-mastoplastica-sentirsi-bene-nel-proprio-corpo-di-donna\/","og_locale":"pt_BR","og_type":"article","og_title":"La Mastoplastica Sentirsi bene nel proprio corpo di donna - Dr. Luca Ballestra","og_description":"Dinnanzi alla voluta esibizione del petto della donna, l\u2019osservatore non percepisce volgarit\u00e0 o eccessiva provocazione erotica, piuttosto bellezza: dettata dall\u2019armonia delle forme diventando il seno stesso protagonista dell\u2019immagine. Nel corso dei secoli le mode, le epoche, il ruolo della donna e l\u2019uso del suo corpo hanno subito notevoli cambiamenti, ma la rappresentazione del seno femminile [&hellip;]","og_url":"https:\/\/lucaballestra.ch\/blog\/la-mastoplastica-sentirsi-bene-nel-proprio-corpo-di-donna\/","og_site_name":"Dr. Luca Ballestra","article_published_time":"2020-04-13T17:54:30+00:00","article_modified_time":"2022-12-09T13:48:56+00:00","og_image":[{"width":1948,"height":1014,"url":"https:\/\/lucaballestra.ch\/blog\/wp-content\/uploads\/2020\/04\/goya-luca-ballestra-1.jpg","type":"image\/jpeg"}],"author":"Dr. Luca Ballestra","twitter_card":"summary_large_image","twitter_misc":{"Escrito por":"Dr. Luca Ballestra","Est. tempo de leitura":"7 minutos"},"schema":{"@context":"https:\/\/schema.org","@graph":[{"@type":"Article","@id":"https:\/\/lucaballestra.ch\/blog\/la-mastoplastica-sentirsi-bene-nel-proprio-corpo-di-donna\/#article","isPartOf":{"@id":"https:\/\/lucaballestra.ch\/blog\/la-mastoplastica-sentirsi-bene-nel-proprio-corpo-di-donna\/"},"author":{"name":"Dr. Luca Ballestra","@id":"https:\/\/lucaballestra.ch\/blog\/#\/schema\/person\/5169f604b43a3c52d51ca075eb358840"},"headline":"La Mastoplastica Sentirsi bene nel proprio corpo di donna","datePublished":"2020-04-13T17:54:30+00:00","dateModified":"2022-12-09T13:48:56+00:00","mainEntityOfPage":{"@id":"https:\/\/lucaballestra.ch\/blog\/la-mastoplastica-sentirsi-bene-nel-proprio-corpo-di-donna\/"},"wordCount":1091,"commentCount":0,"publisher":{"@id":"https:\/\/lucaballestra.ch\/blog\/#organization"},"keywords":["mastoplastica"],"articleSection":["Mastoplastica"],"inLanguage":"pt-BR","potentialAction":[{"@type":"CommentAction","name":"Comment","target":["https:\/\/lucaballestra.ch\/blog\/la-mastoplastica-sentirsi-bene-nel-proprio-corpo-di-donna\/#respond"]}]},{"@type":"WebPage","@id":"https:\/\/lucaballestra.ch\/blog\/la-mastoplastica-sentirsi-bene-nel-proprio-corpo-di-donna\/","url":"https:\/\/lucaballestra.ch\/blog\/la-mastoplastica-sentirsi-bene-nel-proprio-corpo-di-donna\/","name":"La Mastoplastica Sentirsi bene nel proprio corpo di donna - Dr. Luca Ballestra","isPartOf":{"@id":"https:\/\/lucaballestra.ch\/blog\/#website"},"datePublished":"2020-04-13T17:54:30+00:00","dateModified":"2022-12-09T13:48:56+00:00","breadcrumb":{"@id":"https:\/\/lucaballestra.ch\/blog\/la-mastoplastica-sentirsi-bene-nel-proprio-corpo-di-donna\/#breadcrumb"},"inLanguage":"pt-BR","potentialAction":[{"@type":"ReadAction","target":["https:\/\/lucaballestra.ch\/blog\/la-mastoplastica-sentirsi-bene-nel-proprio-corpo-di-donna\/"]}]},{"@type":"BreadcrumbList","@id":"https:\/\/lucaballestra.ch\/blog\/la-mastoplastica-sentirsi-bene-nel-proprio-corpo-di-donna\/#breadcrumb","itemListElement":[{"@type":"ListItem","position":1,"name":"Home","item":"https:\/\/lucaballestra.ch\/blog\/"},{"@type":"ListItem","position":2,"name":"La Mastoplastica Sentirsi bene nel proprio corpo di donna"}]},{"@type":"WebSite","@id":"https:\/\/lucaballestra.ch\/blog\/#website","url":"https:\/\/lucaballestra.ch\/blog\/","name":"Dr. Luca Ballestra","description":"Blog","publisher":{"@id":"https:\/\/lucaballestra.ch\/blog\/#organization"},"potentialAction":[{"@type":"SearchAction","target":{"@type":"EntryPoint","urlTemplate":"https:\/\/lucaballestra.ch\/blog\/?s={search_term_string}"},"query-input":"required name=search_term_string"}],"inLanguage":"pt-BR"},{"@type":"Organization","@id":"https:\/\/lucaballestra.ch\/blog\/#organization","name":"Dr. Luca Ballestra","url":"https:\/\/lucaballestra.ch\/blog\/","logo":{"@type":"ImageObject","inLanguage":"pt-BR","@id":"https:\/\/lucaballestra.ch\/blog\/#\/schema\/logo\/image\/","url":"https:\/\/lucaballestra.ch\/blog\/wp-content\/uploads\/2020\/08\/dr-luca-ballestra-rhinoplastic-rinoplastica.png","contentUrl":"https:\/\/lucaballestra.ch\/blog\/wp-content\/uploads\/2020\/08\/dr-luca-ballestra-rhinoplastic-rinoplastica.png","width":867,"height":829,"caption":"Dr. Luca Ballestra"},"image":{"@id":"https:\/\/lucaballestra.ch\/blog\/#\/schema\/logo\/image\/"}},{"@type":"Person","@id":"https:\/\/lucaballestra.ch\/blog\/#\/schema\/person\/5169f604b43a3c52d51ca075eb358840","name":"Dr. Luca Ballestra","image":{"@type":"ImageObject","inLanguage":"pt-BR","@id":"https:\/\/lucaballestra.ch\/blog\/#\/schema\/person\/image\/","url":"https:\/\/secure.gravatar.com\/avatar\/b212ec8e418eb836b7f5de4cfe6b2416?s=96&d=mm&r=g","contentUrl":"https:\/\/secure.gravatar.com\/avatar\/b212ec8e418eb836b7f5de4cfe6b2416?s=96&d=mm&r=g","caption":"Dr. Luca Ballestra"},"url":"https:\/\/lucaballestra.ch\/blog\/author\/lucaball\/"}]}},"_links":{"self":[{"href":"https:\/\/lucaballestra.ch\/blog\/wp-json\/wp\/v2\/posts\/426"}],"collection":[{"href":"https:\/\/lucaballestra.ch\/blog\/wp-json\/wp\/v2\/posts"}],"about":[{"href":"https:\/\/lucaballestra.ch\/blog\/wp-json\/wp\/v2\/types\/post"}],"author":[{"embeddable":true,"href":"https:\/\/lucaballestra.ch\/blog\/wp-json\/wp\/v2\/users\/1"}],"replies":[{"embeddable":true,"href":"https:\/\/lucaballestra.ch\/blog\/wp-json\/wp\/v2\/comments?post=426"}],"version-history":[{"count":16,"href":"https:\/\/lucaballestra.ch\/blog\/wp-json\/wp\/v2\/posts\/426\/revisions"}],"predecessor-version":[{"id":584,"href":"https:\/\/lucaballestra.ch\/blog\/wp-json\/wp\/v2\/posts\/426\/revisions\/584"}],"wp:featuredmedia":[{"embeddable":true,"href":"https:\/\/lucaballestra.ch\/blog\/wp-json\/wp\/v2\/media\/440"}],"wp:attachment":[{"href":"https:\/\/lucaballestra.ch\/blog\/wp-json\/wp\/v2\/media?parent=426"}],"wp:term":[{"taxonomy":"category","embeddable":true,"href":"https:\/\/lucaballestra.ch\/blog\/wp-json\/wp\/v2\/categories?post=426"},{"taxonomy":"post_tag","embeddable":true,"href":"https:\/\/lucaballestra.ch\/blog\/wp-json\/wp\/v2\/tags?post=426"}],"curies":[{"name":"wp","href":"https:\/\/api.w.org\/{rel}","templated":true}]}}